{"id":1138,"count":7,"description":"Immobles en venda a Mallorca. Caracter\u00edstiques de l'immoble: Estat de l'immoble; Recentment reformat Per a m\u00e9s informaci\u00f3 <a href=\"https:\/\/www.mallorcaguru.es\/ca\/contacte\/\" target=\"_blank\" rel=\"noopener\">contacteu amb nosaltres<\/a>.\r\n\r\nVenda d'immobles Mallorca\r\nPer a m\u00e9s informaci\u00f3 sobre Reforma i reforma d'immobles consulteu el nostre <a href=\"https:\/\/www.mallorcaguru.es\/ca\/llegeix-el-nostre-blog\/\" target=\"_blank\" rel=\"noopener\">blog<\/a>","link":"https:\/\/www.mallorcaguru.es\/ca\/caracter\u00edstica\/propietat-venda-mallorca-caracteristiques-de-immoble-estat-recent-reformat\/","name":"Recentment Reformat","slug":"propietat-venda-mallorca-caracteristiques-de-immoble-estat-recent-reformat","taxonomy":"property_feature","parent":1137,"meta":[],"_links":{"self":[{"href":"https:\/\/www.mallorcaguru.es\/ca\/wp-json\/wp\/v2\/property_feature\/1138","targetHints":{"allow":["GET"]}}],"collection":[{"href":"https:\/\/www.mallorcaguru.es\/ca\/wp-json\/wp\/v2\/property_feature"}],"about":[{"href":"https:\/\/www.mallorcaguru.es\/ca\/wp-json\/wp\/v2\/taxonomies\/property_feature"}],"up":[{"embeddable":true,"href":"https:\/\/www.mallorcaguru.es\/ca\/wp-json\/wp\/v2\/property_feature\/1137"}],"wp:post_type":[{"href":"https:\/\/www.mallorcaguru.es\/ca\/wp-json\/wp\/v2\/properties?property_feature=1138"}],"curies":[{"name":"wp","href":"https:\/\/api.w.org\/{rel}","templated":true}]}}