{"id":1347,"count":10,"description":"Venda d'Immobles Mallorca Caracter\u00edstiques de l'Immoble: Finca Jard\u00ed; Terrassa Detalls del jard\u00ed de les propietats i altres caracter\u00edstiques exteriors. Immobles en venda Mallorca Per a m\u00e9s informaci\u00f3 contacteu amb nosaltres. Immobles en venda a Mallorca","link":"https:\/\/www.mallorcaguru.es\/ca\/caracter\u00edstica\/caracteristiques-de-immoble-venda-immoble-mallorca-immoble-jardi-terrassa\/","name":"Terrassa","slug":"caracteristiques-de-immoble-venda-immoble-mallorca-immoble-jardi-terrassa","taxonomy":"property_feature","parent":1372,"meta":[],"_links":{"self":[{"href":"https:\/\/www.mallorcaguru.es\/ca\/wp-json\/wp\/v2\/property_feature\/1347","targetHints":{"allow":["GET"]}}],"collection":[{"href":"https:\/\/www.mallorcaguru.es\/ca\/wp-json\/wp\/v2\/property_feature"}],"about":[{"href":"https:\/\/www.mallorcaguru.es\/ca\/wp-json\/wp\/v2\/taxonomies\/property_feature"}],"up":[{"embeddable":true,"href":"https:\/\/www.mallorcaguru.es\/ca\/wp-json\/wp\/v2\/property_feature\/1372"}],"wp:post_type":[{"href":"https:\/\/www.mallorcaguru.es\/ca\/wp-json\/wp\/v2\/properties?property_feature=1347"}],"curies":[{"name":"wp","href":"https:\/\/api.w.org\/{rel}","templated":true}]}}