{"id":1445,"count":3,"description":"Immobles en venda a Mallorca Caracter\u00edstiques de la propietat: Ubicaci\u00f3; Primera l\u00ednia de platja. Detalls de la ubicaci\u00f3 de la propietat i entorn. Per a m\u00e9s informaci\u00f3 <a href=\"https:\/\/www.mallorcaguru.es\/ca\/contacte\/\" target=\"_blank\" rel=\"noopener\">contacteu amb nosaltres<\/a>. Venda d'immobles Mallorca\r\n\r\nPer a m\u00e9s informaci\u00f3 visiteu el <a href=\"https:\/\/www.mallorca-beaches.com\/en\/mallorca-map\/\" target=\"_blank\" rel=\"noopener\">mapa de Mallorca<\/a> amb totes les platges i badies populars.","link":"https:\/\/www.mallorcaguru.es\/ca\/caracter\u00edstica\/caracteristiques-de-la-immoble-venda-de-immobles-mallorca-ubicacio-de-la-immoble-es-primera-linea-platja\/","name":"Primera l\u00ednia de platja","slug":"caracteristiques-de-la-immoble-venda-de-immobles-mallorca-ubicacio-de-la-immoble-es-primera-linea-platja","taxonomy":"property_feature","parent":1765,"meta":[],"_links":{"self":[{"href":"https:\/\/www.mallorcaguru.es\/ca\/wp-json\/wp\/v2\/property_feature\/1445","targetHints":{"allow":["GET"]}}],"collection":[{"href":"https:\/\/www.mallorcaguru.es\/ca\/wp-json\/wp\/v2\/property_feature"}],"about":[{"href":"https:\/\/www.mallorcaguru.es\/ca\/wp-json\/wp\/v2\/taxonomies\/property_feature"}],"up":[{"embeddable":true,"href":"https:\/\/www.mallorcaguru.es\/ca\/wp-json\/wp\/v2\/property_feature\/1765"}],"wp:post_type":[{"href":"https:\/\/www.mallorcaguru.es\/ca\/wp-json\/wp\/v2\/properties?property_feature=1445"}],"curies":[{"name":"wp","href":"https:\/\/api.w.org\/{rel}","templated":true}]}}