{"id":1451,"count":13,"description":"Immobili\u00e0ria a Mallorca, Vistes de la propietat; Vistes al mar o vistes a la costa. Venda de propietats a Mallorca , Per a m\u00e9s informaci\u00f3 <a href=\"https:\/\/www.mallorcaguru.es\/ca\/contacte\/\" target=\"_blank\" rel=\"noopener\">contacteu amb nosaltres<\/a>.","link":"https:\/\/www.mallorcaguru.es\/ca\/caracter\u00edstica\/immobiliari-a-mallorca-immobles-vistes-mar-o-costa\/","name":"Vistes al mar \/ Vistes a la costa","slug":"immobiliari-a-mallorca-immobles-vistes-mar-o-costa","taxonomy":"property_feature","parent":1376,"meta":[],"_links":{"self":[{"href":"https:\/\/www.mallorcaguru.es\/ca\/wp-json\/wp\/v2\/property_feature\/1451","targetHints":{"allow":["GET"]}}],"collection":[{"href":"https:\/\/www.mallorcaguru.es\/ca\/wp-json\/wp\/v2\/property_feature"}],"about":[{"href":"https:\/\/www.mallorcaguru.es\/ca\/wp-json\/wp\/v2\/taxonomies\/property_feature"}],"up":[{"embeddable":true,"href":"https:\/\/www.mallorcaguru.es\/ca\/wp-json\/wp\/v2\/property_feature\/1376"}],"wp:post_type":[{"href":"https:\/\/www.mallorcaguru.es\/ca\/wp-json\/wp\/v2\/properties?property_feature=1451"}],"curies":[{"name":"wp","href":"https:\/\/api.w.org\/{rel}","templated":true}]}}