{"id":1593,"count":44,"description":"Immoble en venda a Mallorca Propietat de calefacci\u00f3 i refrigeraci\u00f3. Per a m\u00e9s informaci\u00f3 <a href=\"https:\/\/www.mallorcaguru.es\/ca\/contacte\/\" target=\"_blank\" rel=\"noopener\">contacteu amb nosaltres<\/a>. Mallorca Property Guru","link":"https:\/\/www.mallorcaguru.es\/ca\/caracter\u00edstica\/caracteristiques-de-immobles-en-venda-mallorca-calefaccio-i-refrigeracio\/","name":"Calefacci\u00f3 i refrigeraci\u00f3","slug":"caracteristiques-de-immobles-en-venda-mallorca-calefaccio-i-refrigeracio","taxonomy":"property_feature","parent":0,"meta":[],"_links":{"self":[{"href":"https:\/\/www.mallorcaguru.es\/ca\/wp-json\/wp\/v2\/property_feature\/1593","targetHints":{"allow":["GET"]}}],"collection":[{"href":"https:\/\/www.mallorcaguru.es\/ca\/wp-json\/wp\/v2\/property_feature"}],"about":[{"href":"https:\/\/www.mallorcaguru.es\/ca\/wp-json\/wp\/v2\/taxonomies\/property_feature"}],"wp:post_type":[{"href":"https:\/\/www.mallorcaguru.es\/ca\/wp-json\/wp\/v2\/properties?property_feature=1593"}],"curies":[{"name":"wp","href":"https:\/\/api.w.org\/{rel}","templated":true}]}}