{"id":2901,"count":13,"description":"L'Escola Internacional de l'Acad\u00e8mia\r\n\r\nAquesta escola t\u00e9 m\u00e9s d'un campus a Marratxi Mallorca:\r\n\r\nPla d'estudis: Batxillerat Internacional Brit\u00e0nic\r\n\r\nEdats: de 2 a 18 anys\r\n\r\nTel\u00e8fon: (+34) 971 60 50 08\r\n\r\nCampus: Escola Superior: d'11 a 18 anys\r\n\r\nAdre\u00e7a: C\/ Antoni Furi\u00f3 , 2 \u2013 Ses Cases Noves 07141 \u2013 Marratx\u00ed, Baleares, Spain\r\n\r\nCampus: Educaci\u00f3 Infantil: de 2 a 11 anys\r\n\r\nAdre\u00e7a: Cam\u00ed de Son Ametler Vell, 250 07141- Marratx\u00ed Baleares Spain\r\n\r\n<span style=\"color: #0000ff\"><a style=\"color: #0000ff\" href=\"https:\/\/theacademy.edu.es\/en\/\" target=\"_blank\" rel=\"noopener\">Visiteu el lloc web<\/a><\/span>\r\n\r\nPropietats en venda Mallorca a 20 minuts amb cotxe de l'Escola Internacional de l'Acad\u00e8mia\r\n\r\n<img class=\"aligncenter size-large wp-image-53995\" src=\"https:\/\/www.mallorcaguru.es\/wp-content\/uploads\/2023\/05\/The-Academy-International-School-1024x789.png\" alt=\"\" width=\"1024\" height=\"789\" \/>","link":"https:\/\/www.mallorcaguru.es\/ca\/caracter\u00edstica\/lacademia-escola-internacional-mallorca-espanya\/","name":"L'Escola Internacional de l'Acad\u00e8mia","slug":"lacademia-escola-internacional-mallorca-espanya","taxonomy":"property_feature","parent":2854,"meta":[],"_links":{"self":[{"href":"https:\/\/www.mallorcaguru.es\/ca\/wp-json\/wp\/v2\/property_feature\/2901","targetHints":{"allow":["GET"]}}],"collection":[{"href":"https:\/\/www.mallorcaguru.es\/ca\/wp-json\/wp\/v2\/property_feature"}],"about":[{"href":"https:\/\/www.mallorcaguru.es\/ca\/wp-json\/wp\/v2\/taxonomies\/property_feature"}],"up":[{"embeddable":true,"href":"https:\/\/www.mallorcaguru.es\/ca\/wp-json\/wp\/v2\/property_feature\/2854"}],"wp:post_type":[{"href":"https:\/\/www.mallorcaguru.es\/ca\/wp-json\/wp\/v2\/properties?property_feature=2901"}],"curies":[{"name":"wp","href":"https:\/\/api.w.org\/{rel}","templated":true}]}}