{"id":787,"count":32,"description":"Immoble en venda a Mallorca Propietat de calefacci\u00f3 i refrigeraci\u00f3. Aire condicionat Per a m\u00e9s informaci\u00f3 <a href=\"https:\/\/www.mallorcaguru.es\/ca\/contacte\/\" target=\"_blank\" rel=\"noopener\">contacteu amb nosaltres<\/a>. Mallorca Property Guru","link":"https:\/\/www.mallorcaguru.es\/ca\/caracter\u00edstica\/immobiliari-en-venda-mallorca-immoble-calefaccio-i-refrigeracio-aire-condicionat\/","name":"Aire condicionat","slug":"immobiliari-en-venda-mallorca-immoble-calefaccio-i-refrigeracio-aire-condicionat","taxonomy":"property_feature","parent":1593,"meta":[],"_links":{"self":[{"href":"https:\/\/www.mallorcaguru.es\/ca\/wp-json\/wp\/v2\/property_feature\/787","targetHints":{"allow":["GET"]}}],"collection":[{"href":"https:\/\/www.mallorcaguru.es\/ca\/wp-json\/wp\/v2\/property_feature"}],"about":[{"href":"https:\/\/www.mallorcaguru.es\/ca\/wp-json\/wp\/v2\/taxonomies\/property_feature"}],"up":[{"embeddable":true,"href":"https:\/\/www.mallorcaguru.es\/ca\/wp-json\/wp\/v2\/property_feature\/1593"}],"wp:post_type":[{"href":"https:\/\/www.mallorcaguru.es\/ca\/wp-json\/wp\/v2\/properties?property_feature=787"}],"curies":[{"name":"wp","href":"https:\/\/api.w.org\/{rel}","templated":true}]}}