{"id":804,"count":11,"description":"Immobles en venda a Mallorca Immobles caracter\u00edstiques de calefacci\u00f3 i refrigeraci\u00f3. Doble Vidre A\u00efllant Per a m\u00e9s informaci\u00f3 <a href=\"https:\/\/www.mallorcaguru.es\/ca\/contacte\/\" target=\"_blank\" rel=\"noopener\">contacteu amb nosaltres<\/a>. Venda d'immobles Mallorca","link":"https:\/\/www.mallorcaguru.es\/ca\/caracter\u00edstica\/immobiliari-en-venda-mallorca-immobles-caracteristiques-calefaccio-i-refrigeracio-doble-vidres-aillants\/","name":"Doble Vidre A\u00efllant","slug":"immobiliari-en-venda-mallorca-immobles-caracteristiques-calefaccio-i-refrigeracio-doble-vidres-aillants","taxonomy":"property_feature","parent":1593,"meta":[],"_links":{"self":[{"href":"https:\/\/www.mallorcaguru.es\/ca\/wp-json\/wp\/v2\/property_feature\/804","targetHints":{"allow":["GET"]}}],"collection":[{"href":"https:\/\/www.mallorcaguru.es\/ca\/wp-json\/wp\/v2\/property_feature"}],"about":[{"href":"https:\/\/www.mallorcaguru.es\/ca\/wp-json\/wp\/v2\/taxonomies\/property_feature"}],"up":[{"embeddable":true,"href":"https:\/\/www.mallorcaguru.es\/ca\/wp-json\/wp\/v2\/property_feature\/1593"}],"wp:post_type":[{"href":"https:\/\/www.mallorcaguru.es\/ca\/wp-json\/wp\/v2\/properties?property_feature=804"}],"curies":[{"name":"wp","href":"https:\/\/api.w.org\/{rel}","templated":true}]}}