{"id":806,"count":34,"description":"Immobili\u00e0ria a Mallorca, Vistes de la propietat; Jard\u00ed i piscina Vistes al jard\u00ed i la piscina. Venda de propietats a Mallorca, Per a m\u00e9s informaci\u00f3 <a href=\"https:\/\/www.mallorcaguru.es\/ca\/contacte\/\" target=\"_blank\" rel=\"noopener\">contacteu amb nosaltres<\/a>.","link":"https:\/\/www.mallorcaguru.es\/ca\/caracter\u00edstica\/immobiliari-a-mallorca-immobles-vistes-jardin-piscina\/","name":"Vistes al jard\u00ed\/ a la Piscina","slug":"immobiliari-a-mallorca-immobles-vistes-jardin-piscina","taxonomy":"property_feature","parent":1376,"meta":[],"_links":{"self":[{"href":"https:\/\/www.mallorcaguru.es\/ca\/wp-json\/wp\/v2\/property_feature\/806","targetHints":{"allow":["GET"]}}],"collection":[{"href":"https:\/\/www.mallorcaguru.es\/ca\/wp-json\/wp\/v2\/property_feature"}],"about":[{"href":"https:\/\/www.mallorcaguru.es\/ca\/wp-json\/wp\/v2\/taxonomies\/property_feature"}],"up":[{"embeddable":true,"href":"https:\/\/www.mallorcaguru.es\/ca\/wp-json\/wp\/v2\/property_feature\/1376"}],"wp:post_type":[{"href":"https:\/\/www.mallorcaguru.es\/ca\/wp-json\/wp\/v2\/properties?property_feature=806"}],"curies":[{"name":"wp","href":"https:\/\/api.w.org\/{rel}","templated":true}]}}