{"id":642,"count":1,"description":"<h2 data-start=\"3977\" data-end=\"4024\"><span style=\"font-size: 12pt\"><strong data-start=\"3985\" data-end=\"4022\">Manacor, Mallorca<\/strong><\/span><\/h2>\r\n<p data-start=\"4025\" data-end=\"4117\"><em data-start=\"4025\" data-end=\"4117\">Das lebendige Herz der Llevant-Region \u2013 Tradition, Handwerk und mallorquinischer Charakter<\/em><\/p>\r\n\r\n\r\n<hr data-start=\"4119\" data-end=\"4122\" \/>\r\n\r\n<h3 data-start=\"4124\" data-end=\"4137\"><span style=\"font-size: 12pt\">\u00dcberblick<\/span><\/h3>\r\n<p data-start=\"4139\" data-end=\"4445\"><strong data-start=\"4139\" data-end=\"4150\">Manacor<\/strong> ist die <strong data-start=\"4159\" data-end=\"4190\">zweitgr\u00f6\u00dfte Stadt Mallorcas<\/strong>, im Landesinneren der <strong data-start=\"4213\" data-end=\"4231\">Region <a href=\"https:\/\/www.mallorcaguru.es\/de\/bezirk\/zu-verkaufen-llevant-de-mallorca-nordosten\/\" target=\"_blank\" rel=\"noopener\">Llevant<\/a><\/strong> gelegen. Die Stadt ist bekannt f\u00fcr ihre <strong data-start=\"4272\" data-end=\"4292\">M\u00f6belherstellung<\/strong>, die <strong data-start=\"4298\" data-end=\"4333\">k\u00fcnstlichen Perlen von Majorica<\/strong> und ihre historische Architektur. Sie ist ein <strong data-start=\"4380\" data-end=\"4408\">wirtschaftliches Zentrum<\/strong> mit starkem <strong data-start=\"4421\" data-end=\"4444\">kulturellem Angebot<\/strong>.<\/p>\r\n<p data-start=\"4447\" data-end=\"4580\">Manacor liegt inmitten l\u00e4ndlicher Umgebung, in der N\u00e4he von <strong data-start=\"4507\" data-end=\"4523\">Porto Cristo<\/strong>, <strong data-start=\"4525\" data-end=\"4540\">Cala Mandia<\/strong> und hat eine gute Anbindung nach Palma.<\/p>\r\n\r\n\r\n<hr data-start=\"4582\" data-end=\"4585\" \/>\r\n\r\n<h3 data-start=\"4587\" data-end=\"4631\"><span style=\"font-size: 12pt\">Warum in Manacor leben oder investieren?<\/span><\/h3>\r\n<ul data-start=\"4633\" data-end=\"4978\">\r\n \t<li data-start=\"4633\" data-end=\"4697\">\r\n<p data-start=\"4635\" data-end=\"4697\"><strong data-start=\"4635\" data-end=\"4662\">Autentisches Stadtleben<\/strong> mit hervorragender Infrastruktur<\/p>\r\n<\/li>\r\n \t<li data-start=\"4698\" data-end=\"4749\">\r\n<p data-start=\"4700\" data-end=\"4749\">N\u00e4he zur <strong data-start=\"4709\" data-end=\"4747\">Natur und K\u00fcste im Osten Mallorcas<\/strong><\/p>\r\n<\/li>\r\n \t<li data-start=\"4750\" data-end=\"4839\">\r\n<p data-start=\"4752\" data-end=\"4839\">Vielf\u00e4ltiges Immobilienangebot: <strong data-start=\"4784\" data-end=\"4802\">Altstadth\u00e4user<\/strong>, <strong data-start=\"4804\" data-end=\"4825\">moderne Wohnungen<\/strong>, <strong data-start=\"4827\" data-end=\"4837\">Fincas<\/strong><\/p>\r\n<\/li>\r\n \t<li data-start=\"4840\" data-end=\"4914\">\r\n<p data-start=\"4842\" data-end=\"4914\">Heimat der <strong data-start=\"4853\" data-end=\"4875\">Rafa Nadal Academy<\/strong> mit Sport- und Bildungseinrichtungen<\/p>\r\n<\/li>\r\n \t<li data-start=\"4915\" data-end=\"4978\">\r\n<p data-start=\"4917\" data-end=\"4978\">Ganzj\u00e4hriges Leben mit M\u00e4rkten, Veranstaltungen und Tradition<\/p>\r\n<\/li>\r\n<\/ul>\r\n\r\n<hr data-start=\"4980\" data-end=\"4983\" \/>\r\n\r\n<h3 data-start=\"4985\" data-end=\"5011\"><span style=\"font-size: 12pt\">Highlights von Manacor<\/span><\/h3>\r\n<ul data-start=\"5013\" data-end=\"5355\">\r\n \t<li data-start=\"5013\" data-end=\"5092\">\r\n<p data-start=\"5015\" data-end=\"5092\"><strong data-start=\"5019\" data-end=\"5050\">Rafa Nadal Museum &amp; Academy<\/strong> \u2013 Sport und Bildung auf h\u00f6chstem Niveau<\/p>\r\n<\/li>\r\n \t<li data-start=\"5093\" data-end=\"5142\">\r\n<p data-start=\"5095\" data-end=\"5142\"><strong data-start=\"5099\" data-end=\"5114\">Wochenmarkt<\/strong> und lokale Handwerkskunst<\/p>\r\n<\/li>\r\n \t<li data-start=\"5143\" data-end=\"5219\">\r\n<p data-start=\"5145\" data-end=\"5219\">Str\u00e4nde in der N\u00e4he: Porto Cristo, Cala Rom\u00e0ntica, Cales de Mallorca<\/p>\r\n<\/li>\r\n \t<li data-start=\"5220\" data-end=\"5279\">\r\n<p data-start=\"5222\" data-end=\"5279\">Ber\u00fchmt f\u00fcr <strong data-start=\"5237\" data-end=\"5256\">Majorica-Perlen<\/strong> und M\u00f6belherstellung<\/p>\r\n<\/li>\r\n \t<li data-start=\"5280\" data-end=\"5355\">\r\n<p data-start=\"5282\" data-end=\"5355\">Sehensw\u00fcrdigkeiten: Kirche Nostra Senyora dels Dolors, Torre del Palau<\/p>\r\n<\/li>\r\n<\/ul>\r\n\r\n<hr data-start=\"5357\" data-end=\"5360\" \/>\r\n\r\n<h3 data-start=\"5362\" data-end=\"5392\"><span style=\"font-size: 12pt\">F\u00fcr wen ist Manacor ideal?<\/span><\/h3>\r\n<ul data-start=\"5394\" data-end=\"5688\">\r\n \t<li data-start=\"5394\" data-end=\"5449\">\r\n<p data-start=\"5396\" data-end=\"5449\">Familien mit Wunsch nach dauerhafter Lebensqualit\u00e4t<\/p>\r\n<\/li>\r\n \t<li data-start=\"5450\" data-end=\"5494\">\r\n<p data-start=\"5452\" data-end=\"5494\">Investoren in Stadt- oder Landimmobilien<\/p>\r\n<\/li>\r\n \t<li data-start=\"5495\" data-end=\"5564\">\r\n<p data-start=\"5497\" data-end=\"5564\">Kulturinteressierte auf der Suche nach <strong data-start=\"5536\" data-end=\"5562\">authentischem Mallorca<\/strong><\/p>\r\n<\/li>\r\n \t<li data-start=\"5565\" data-end=\"5610\">\r\n<p data-start=\"5567\" data-end=\"5610\">Sportfans und Unterst\u00fctzer von Rafa Nadal<\/p>\r\n<\/li>\r\n \t<li data-start=\"5611\" data-end=\"5688\">\r\n<p data-start=\"5613\" data-end=\"5688\">K\u00e4ufer, die <strong data-start=\"5625\" data-end=\"5688\">nahe am Meer wohnen m\u00f6chten, aber nicht im Tourismuszentrum<\/strong><\/p>\r\n<\/li>\r\n<\/ul>\r\n<h3><span style=\"font-size: 12pt\">Entdecken Sie Immobilien in Manacor<\/span><\/h3>\r\n<img class=\"alignleft wp-image-183802 size-thumbnail\" title=\"Localitzaci\u00f3-de-Manacor-respecte-de-Mallorca.svg\" src=\"https:\/\/www.mallorcaguru.es\/wp-content\/uploads\/2025\/04\/Localitzacio-de-Manacor-respecte-de-Mallorca.svg-150x150.png\" alt=\"\" width=\"150\" height=\"150\" \/>","link":"https:\/\/www.mallorcaguru.es\/de\/dorf\/immobilien-kaufen-manacor-mallorca\/","name":"Manacor","slug":"immobilien-kaufen-manacor-mallorca","taxonomy":"property_city","parent":0,"meta":[],"_links":{"self":[{"href":"https:\/\/www.mallorcaguru.es\/de\/wp-json\/wp\/v2\/property_city\/642","targetHints":{"allow":["GET"]}}],"collection":[{"href":"https:\/\/www.mallorcaguru.es\/de\/wp-json\/wp\/v2\/property_city"}],"about":[{"href":"https:\/\/www.mallorcaguru.es\/de\/wp-json\/wp\/v2\/taxonomies\/property_city"}],"wp:post_type":[{"href":"https:\/\/www.mallorcaguru.es\/de\/wp-json\/wp\/v2\/properties?property_city=642"}],"curies":[{"name":"wp","href":"https:\/\/api.w.org\/{rel}","templated":true}]}}