{"id":643,"count":1,"description":"<h2 data-start=\"2072\" data-end=\"2111\"><span style=\"font-size: 12pt\"><strong data-start=\"2080\" data-end=\"2109\">Manacor, Mallorca<\/strong><\/span><\/h2>\r\n<p data-start=\"2112\" data-end=\"2213\"><em data-start=\"2112\" data-end=\"2213\">El coraz\u00f3n vibrante de la regi\u00f3n de Llevant, conocido por la tradici\u00f3n, creatividad y encanto rural<\/em><\/p>\r\n\r\n\r\n<hr data-start=\"2215\" data-end=\"2218\" \/>\r\n\r\n<h3 data-start=\"2220\" data-end=\"2243\"><span style=\"font-size: 12pt\">Descripci\u00f3n general<\/span><\/h3>\r\n<p data-start=\"2245\" data-end=\"2519\"><strong data-start=\"2245\" data-end=\"2256\">Manacor<\/strong> es la <strong data-start=\"2263\" data-end=\"2304\">segunda ciudad m\u00e1s grande de Mallorca<\/strong>, ubicada tierra adentro en la <strong data-start=\"2335\" data-end=\"2356\">regi\u00f3n de <a href=\"https:\/\/www.mallorcaguru.es\/es\/provincia\/en-venta-llevant-de-mallorca-nordeste\/\" target=\"_blank\" rel=\"noopener\">Llevant<\/a><\/strong>. Reconocida por su <strong data-start=\"2376\" data-end=\"2400\">industria del mueble<\/strong>, <strong data-start=\"2402\" data-end=\"2426\">producci\u00f3n de perlas<\/strong> y edificios hist\u00f3ricos, Manacor es a la vez una <strong data-start=\"2475\" data-end=\"2497\">ciudad trabajadora<\/strong> y un centro cultural.<\/p>\r\n<p data-start=\"2521\" data-end=\"2640\">Rodeada de campo y cerca de playas como <strong data-start=\"2561\" data-end=\"2577\">Porto Cristo<\/strong> y <strong data-start=\"2580\" data-end=\"2595\">Cala Mandia<\/strong>, ofrece tambi\u00e9n buenas conexiones con Palma.<\/p>\r\n\r\n\r\n<hr data-start=\"2642\" data-end=\"2645\" \/>\r\n\r\n<h3 data-start=\"2647\" data-end=\"2687\"><span style=\"font-size: 12pt\">\u00bfPor qu\u00e9 vivir o comprar en Manacor?<\/span><\/h3>\r\n<ul data-start=\"2689\" data-end=\"3042\">\r\n \t<li data-start=\"2689\" data-end=\"2757\">\r\n<p data-start=\"2691\" data-end=\"2757\">Vida urbana mallorquina con <strong data-start=\"2719\" data-end=\"2755\">servicios de calidad todo el a\u00f1o<\/strong><\/p>\r\n<\/li>\r\n \t<li data-start=\"2758\" data-end=\"2825\">\r\n<p data-start=\"2760\" data-end=\"2825\">F\u00e1cil acceso al <strong data-start=\"2776\" data-end=\"2795\">entorno natural<\/strong> y a las <strong data-start=\"2804\" data-end=\"2823\">playas del este<\/strong><\/p>\r\n<\/li>\r\n \t<li data-start=\"2826\" data-end=\"2911\">\r\n<p data-start=\"2828\" data-end=\"2911\">Combinaci\u00f3n de <strong data-start=\"2843\" data-end=\"2867\">viviendas hist\u00f3ricas<\/strong>, <strong data-start=\"2869\" data-end=\"2887\">pisos modernos<\/strong> y <strong data-start=\"2890\" data-end=\"2909\">fincas r\u00fasticas<\/strong><\/p>\r\n<\/li>\r\n \t<li data-start=\"2912\" data-end=\"2988\">\r\n<p data-start=\"2914\" data-end=\"2988\">Hogar de la <strong data-start=\"2926\" data-end=\"2948\">Rafa Nadal Academy<\/strong> y excelentes instalaciones deportivas<\/p>\r\n<\/li>\r\n \t<li data-start=\"2989\" data-end=\"3042\">\r\n<p data-start=\"2991\" data-end=\"3042\">Actividad continua: mercados, cultura y tradiciones<\/p>\r\n<\/li>\r\n<\/ul>\r\n\r\n<hr data-start=\"3044\" data-end=\"3047\" \/>\r\n\r\n<h3 data-start=\"3049\" data-end=\"3072\"><span style=\"font-size: 12pt\">Lo mejor de Manacor<\/span><\/h3>\r\n<ul data-start=\"3074\" data-end=\"3416\">\r\n \t<li data-start=\"3074\" data-end=\"3144\">\r\n<p data-start=\"3076\" data-end=\"3144\"><strong data-start=\"3080\" data-end=\"3111\">Museo y Academia Rafa Nadal<\/strong> \u2013 Deporte y educaci\u00f3n de \u00e9lite<\/p>\r\n<\/li>\r\n \t<li data-start=\"3145\" data-end=\"3195\">\r\n<p data-start=\"3147\" data-end=\"3195\"><strong data-start=\"3151\" data-end=\"3170\">Mercado semanal<\/strong> y tiendas de artesan\u00eda<\/p>\r\n<\/li>\r\n \t<li data-start=\"3196\" data-end=\"3268\">\r\n<p data-start=\"3198\" data-end=\"3268\">Playas cercanas: Porto Cristo, Cala Rom\u00e0ntica, Cales de Mallorca<\/p>\r\n<\/li>\r\n \t<li data-start=\"3269\" data-end=\"3333\">\r\n<p data-start=\"3271\" data-end=\"3333\">Famosa por las <strong data-start=\"3289\" data-end=\"3308\">perlas Majorica<\/strong> y trabajos artesanales<\/p>\r\n<\/li>\r\n \t<li data-start=\"3334\" data-end=\"3416\">\r\n<p data-start=\"3336\" data-end=\"3416\">Monumentos hist\u00f3ricos: Iglesia de Nostra Senyora dels Dolors, Torre del Palau<\/p>\r\n<\/li>\r\n<\/ul>\r\n\r\n<hr data-start=\"3418\" data-end=\"3421\" \/>\r\n\r\n<h3 data-start=\"3423\" data-end=\"3448\"><span style=\"font-size: 12pt\">\u00bfPara qui\u00e9n es ideal?<\/span><\/h3>\r\n<ul data-start=\"3450\" data-end=\"3733\">\r\n \t<li data-start=\"3450\" data-end=\"3507\">\r\n<p data-start=\"3452\" data-end=\"3507\">Familias que buscan una base permanente con servicios<\/p>\r\n<\/li>\r\n \t<li data-start=\"3508\" data-end=\"3549\">\r\n<p data-start=\"3510\" data-end=\"3549\">Inversores en vivienda urbana o rural<\/p>\r\n<\/li>\r\n \t<li data-start=\"3550\" data-end=\"3606\">\r\n<p data-start=\"3552\" data-end=\"3606\">Amantes de la cultura y de la <strong data-start=\"3582\" data-end=\"3604\">Mallorca aut\u00e9ntica<\/strong><\/p>\r\n<\/li>\r\n \t<li data-start=\"3607\" data-end=\"3649\">\r\n<p data-start=\"3609\" data-end=\"3649\">Deportistas y seguidores de Rafa Nadal<\/p>\r\n<\/li>\r\n \t<li data-start=\"3650\" data-end=\"3733\">\r\n<p data-start=\"3652\" data-end=\"3733\">Compradores que quieren <strong data-start=\"3676\" data-end=\"3733\">estar cerca de la playa sin estar en zonas tur\u00edsticas<\/strong><\/p>\r\n<\/li>\r\n<\/ul>\r\n<h3><span style=\"font-size: 12pt\">Explorar propiedades en Manacor<\/span><\/h3>\r\n<img class=\"alignleft wp-image-183803 size-thumbnail\" title=\"Localitzaci\u00f3-de-Manacor-respecte-de-Mallorca.svg\" src=\"https:\/\/www.mallorcaguru.es\/wp-content\/uploads\/2025\/04\/Localitzacio-de-Manacor-respecte-de-Mallorca.svg-150x150.png\" alt=\"\" width=\"150\" height=\"150\" \/>","link":"https:\/\/www.mallorcaguru.es\/es\/pueblo\/inmobiliaria-en-venta-manacor-mallorca\/","name":"Manacor","slug":"inmobiliaria-en-venta-manacor-mallorca","taxonomy":"property_city","parent":0,"meta":[],"_links":{"self":[{"href":"https:\/\/www.mallorcaguru.es\/es\/wp-json\/wp\/v2\/property_city\/643","targetHints":{"allow":["GET"]}}],"collection":[{"href":"https:\/\/www.mallorcaguru.es\/es\/wp-json\/wp\/v2\/property_city"}],"about":[{"href":"https:\/\/www.mallorcaguru.es\/es\/wp-json\/wp\/v2\/taxonomies\/property_city"}],"wp:post_type":[{"href":"https:\/\/www.mallorcaguru.es\/es\/wp-json\/wp\/v2\/properties?property_city=643"}],"curies":[{"name":"wp","href":"https:\/\/api.w.org\/{rel}","templated":true}]}}