{"id":1425,"count":11,"description":"Inmuebles en venta en Mallorca Caracter\u00edsticas de la propiedad, calefacci\u00f3n y refrigeraci\u00f3n. Chimenea o Hogar Para m\u00e1s informaci\u00f3n <a href=\"https:\/\/www.mallorcaguru.es\/contacto\/\" target=\"_blank\" rel=\"noopener\">contacte con nosotros<\/a>. Gur\u00fa inmobiliario en Mallorca","link":"https:\/\/www.mallorcaguru.es\/es\/caracter\u00edstica\/inmobiliaria-en-venta-mallorca-inmueble-calefaccion-y-refrigeracion-chimenea-o-hogar\/","name":"Chimenea \/ Hogar","slug":"inmobiliaria-en-venta-mallorca-inmueble-calefaccion-y-refrigeracion-chimenea-o-hogar","taxonomy":"property_feature","parent":1595,"meta":[],"_links":{"self":[{"href":"https:\/\/www.mallorcaguru.es\/es\/wp-json\/wp\/v2\/property_feature\/1425","targetHints":{"allow":["GET"]}}],"collection":[{"href":"https:\/\/www.mallorcaguru.es\/es\/wp-json\/wp\/v2\/property_feature"}],"about":[{"href":"https:\/\/www.mallorcaguru.es\/es\/wp-json\/wp\/v2\/taxonomies\/property_feature"}],"up":[{"embeddable":true,"href":"https:\/\/www.mallorcaguru.es\/es\/wp-json\/wp\/v2\/property_feature\/1595"}],"wp:post_type":[{"href":"https:\/\/www.mallorcaguru.es\/es\/wp-json\/wp\/v2\/properties?property_feature=1425"}],"curies":[{"name":"wp","href":"https:\/\/api.w.org\/{rel}","templated":true}]}}