{"id":1595,"count":44,"description":"Inmuebles en venta en Mallorca Propiedades de calefacci\u00f3n y refrigeraci\u00f3n caracter\u00edsticas. Para mas informaci\u00f3n <a href=\"https:\/\/www.mallorcaguru.es\/contacto\/\" target=\"_blank\" rel=\"noopener\">contactenos<\/a>. Gur\u00fa inmobiliario en Mallorca","link":"https:\/\/www.mallorcaguru.es\/es\/caracter\u00edstica\/inmobiliaria-en-venta-mallorca-inmueble-calefaccion-refrigeracion-caracteristicas\/","name":"Calefacci\u00f3n y refrigeraci\u00f3n","slug":"inmobiliaria-en-venta-mallorca-inmueble-calefaccion-refrigeracion-caracteristicas","taxonomy":"property_feature","parent":0,"meta":[],"_links":{"self":[{"href":"https:\/\/www.mallorcaguru.es\/es\/wp-json\/wp\/v2\/property_feature\/1595","targetHints":{"allow":["GET"]}}],"collection":[{"href":"https:\/\/www.mallorcaguru.es\/es\/wp-json\/wp\/v2\/property_feature"}],"about":[{"href":"https:\/\/www.mallorcaguru.es\/es\/wp-json\/wp\/v2\/taxonomies\/property_feature"}],"wp:post_type":[{"href":"https:\/\/www.mallorcaguru.es\/es\/wp-json\/wp\/v2\/properties?property_feature=1595"}],"curies":[{"name":"wp","href":"https:\/\/api.w.org\/{rel}","templated":true}]}}