{"id":847,"count":32,"description":"Propiedades en venta en Mallorca Caracter\u00edsticas de calefacci\u00f3n y refrigeraci\u00f3n de propiedades. Aire Acondicionado Para m\u00e1s informaci\u00f3n <a href=\"https:\/\/www.mallorcaguru.es\/contacto\/\" target=\"_blank\" rel=\"noopener\">contacte con nosotros<\/a>. Gur\u00fa inmobiliario en Mallorca","link":"https:\/\/www.mallorcaguru.es\/es\/caracter\u00edstica\/inmobiliaria-en-venta-mallorca-inmueble-calefaccion-y-refrigeracion-aire-acondicionado\/","name":"Aire acondicionado","slug":"inmobiliaria-en-venta-mallorca-inmueble-calefaccion-y-refrigeracion-aire-acondicionado","taxonomy":"property_feature","parent":1595,"meta":[],"_links":{"self":[{"href":"https:\/\/www.mallorcaguru.es\/es\/wp-json\/wp\/v2\/property_feature\/847","targetHints":{"allow":["GET"]}}],"collection":[{"href":"https:\/\/www.mallorcaguru.es\/es\/wp-json\/wp\/v2\/property_feature"}],"about":[{"href":"https:\/\/www.mallorcaguru.es\/es\/wp-json\/wp\/v2\/taxonomies\/property_feature"}],"up":[{"embeddable":true,"href":"https:\/\/www.mallorcaguru.es\/es\/wp-json\/wp\/v2\/property_feature\/1595"}],"wp:post_type":[{"href":"https:\/\/www.mallorcaguru.es\/es\/wp-json\/wp\/v2\/properties?property_feature=847"}],"curies":[{"name":"wp","href":"https:\/\/api.w.org\/{rel}","templated":true}]}}