{"id":864,"count":11,"description":"Inmobiliaria en venta en Mallorca Inmobiliaria con caracter\u00edsticas de calefacci\u00f3n y refrigeraci\u00f3n. Vidrio Aislante Para m\u00e1s informaci\u00f3n <a href=\"https:\/\/www.mallorcaguru.es\/contacto\/\" target=\"_blank\" rel=\"noopener\">cont\u00e1ctenos<\/a>. Venta de Propiedades Mallorca","link":"https:\/\/www.mallorcaguru.es\/es\/caracter\u00edstica\/inmobiliaria-en-venta-mallorca-inmobiliaria-caracteristicas-calefaccion-refrigeracion-vidrio-aislante\/","name":"Vidrio Aislante","slug":"inmobiliaria-en-venta-mallorca-inmobiliaria-caracteristicas-calefaccion-refrigeracion-vidrio-aislante","taxonomy":"property_feature","parent":1595,"meta":[],"_links":{"self":[{"href":"https:\/\/www.mallorcaguru.es\/es\/wp-json\/wp\/v2\/property_feature\/864","targetHints":{"allow":["GET"]}}],"collection":[{"href":"https:\/\/www.mallorcaguru.es\/es\/wp-json\/wp\/v2\/property_feature"}],"about":[{"href":"https:\/\/www.mallorcaguru.es\/es\/wp-json\/wp\/v2\/taxonomies\/property_feature"}],"up":[{"embeddable":true,"href":"https:\/\/www.mallorcaguru.es\/es\/wp-json\/wp\/v2\/property_feature\/1595"}],"wp:post_type":[{"href":"https:\/\/www.mallorcaguru.es\/es\/wp-json\/wp\/v2\/properties?property_feature=864"}],"curies":[{"name":"wp","href":"https:\/\/api.w.org\/{rel}","templated":true}]}}