{"id":867,"count":35,"description":"Inmobiliaria en Mallorca, Propiedades vistas; Monta\u00f1a Vistas al campo ya la monta\u00f1a. Venta de propiedades en Mallorca, Para m\u00e1s informaci\u00f3n <a href=\"https:\/\/www.mallorcaguru.es\/contacto\/\" target=\"_blank\" rel=\"noopener\">contacte con nosotros<\/a>.","link":"https:\/\/www.mallorcaguru.es\/es\/caracter\u00edstica\/inmobiliaria-en-mallorca-propiedad-vistas-montana\/","name":"Vistas a la monta\u00f1a","slug":"inmobiliaria-en-mallorca-propiedad-vistas-montana","taxonomy":"property_feature","parent":1392,"meta":[],"_links":{"self":[{"href":"https:\/\/www.mallorcaguru.es\/es\/wp-json\/wp\/v2\/property_feature\/867","targetHints":{"allow":["GET"]}}],"collection":[{"href":"https:\/\/www.mallorcaguru.es\/es\/wp-json\/wp\/v2\/property_feature"}],"about":[{"href":"https:\/\/www.mallorcaguru.es\/es\/wp-json\/wp\/v2\/taxonomies\/property_feature"}],"up":[{"embeddable":true,"href":"https:\/\/www.mallorcaguru.es\/es\/wp-json\/wp\/v2\/property_feature\/1392"}],"wp:post_type":[{"href":"https:\/\/www.mallorcaguru.es\/es\/wp-json\/wp\/v2\/properties?property_feature=867"}],"curies":[{"name":"wp","href":"https:\/\/api.w.org\/{rel}","templated":true}]}}