{"id":3829,"count":0,"description":"<h2><span style=\"font-size: 12pt\">S\u00e5lda<\/span><\/h2>\r\n<h3>\r\n<span style=\"font-size: 12pt\">Fastigheter s\u00e5lda under de senaste tre m\u00e5naderna p\u00e5 Mallorca<\/span>\r\n<span style=\"font-size: 12pt\">S\u00e4ljer du din fastighet?<\/span><\/h3>\r\nAnnonsera din fastighet hos oss.\r\n\r\nV\u00e5ra fastigheter annonseras p\u00e5 13 spr\u00e5k med alla viktiga egenskaper hos din fastighet \u00f6versatta till 13 spr\u00e5k.\r\n\r\nVi marknadsf\u00f6r din fastighet p\u00e5 internationella marknader p\u00e5 spanska, katalanska, franska, portugisiska, italienska, tyska, engelska, svenska, danska, norska, finska, holl\u00e4ndska, ryska.\r\n\r\nBeh\u00f6ver du en v\u00e4rdering utan f\u00f6rpliktelser?\r\n\r\n<a href=\"https:\/\/www.mallorcaguru.es\/sv\/kontakt-mallorca-property-guru\/\" target=\"_blank\" rel=\"noopener\">Kontakta oss<\/a>..\r\n<h3><span style=\"font-size: 12pt\">Fastighetsm\u00e4klare Mallorca<\/span>\r\n<span style=\"font-size: 12pt\">Mallorca Property Guru<\/span><\/h3>\r\nVi \u00e4r specialister p\u00e5 landsbygden p\u00e5 Mallorca och de mindre byarna och st\u00e4derna i inlandet, Serra de Tramuntana och kustregionerna i \u00f6st och v\u00e4st. Vi fokuserar p\u00e5 unika fastigheter och omr\u00e5den med en v\u00e4xande marknad p\u00e5 Mallorca.","link":"https:\/\/www.mallorcaguru.es\/sv\/status\/salda-fastigheter-mallorca\/","name":"S\u00e5lda","slug":"salda-fastigheter-mallorca","taxonomy":"property_status","parent":0,"meta":[],"_links":{"self":[{"href":"https:\/\/www.mallorcaguru.es\/sv\/wp-json\/wp\/v2\/property_status\/3829","targetHints":{"allow":["GET"]}}],"collection":[{"href":"https:\/\/www.mallorcaguru.es\/sv\/wp-json\/wp\/v2\/property_status"}],"about":[{"href":"https:\/\/www.mallorcaguru.es\/sv\/wp-json\/wp\/v2\/taxonomies\/property_status"}],"wp:post_type":[{"href":"https:\/\/www.mallorcaguru.es\/sv\/wp-json\/wp\/v2\/Fastighet?property_status=3829"}],"curies":[{"name":"wp","href":"https:\/\/api.w.org\/{rel}","templated":true}]}}